{"id":10675,"date":"2023-02-24T19:29:30","date_gmt":"2023-02-25T00:29:30","guid":{"rendered":"https:\/\/sandrabernal.co\/?p=10675"},"modified":"2023-02-25T18:03:09","modified_gmt":"2023-02-25T23:03:09","slug":"cuidados-en-una-piel-con-acne","status":"publish","type":"post","link":"https:\/\/sandrabernal.co\/en\/cuidados-en-una-piel-con-acne\/","title":{"rendered":"Cuidados en una piel con acn\u00e9"},"content":{"rendered":"<div data-elementor-type=\"wp-post\" data-elementor-id=\"10675\" class=\"elementor elementor-10675\">\n\t\t\t\t\t\t<section class=\"wd-negative-gap elementor-section elementor-top-section elementor-element elementor-element-2ecc835 animated-slow elementor-section-boxed elementor-section-height-default elementor-section-height-default wd-section-disabled elementor-invisible\" data-id=\"2ecc835\" data-element_type=\"section\" data-settings=\"{&quot;animation&quot;:&quot;fadeInLeft&quot;,&quot;animation_delay&quot;:500}\">\n\t\t\t\t\t\t<div class=\"elementor-container elementor-column-gap-default\">\n\t\t\t\t\t<div class=\"elementor-column elementor-col-100 elementor-top-column elementor-element elementor-element-07b498a\" data-id=\"07b498a\" data-element_type=\"column\">\n\t\t\t<div class=\"elementor-widget-wrap elementor-element-populated\">\n\t\t\t\t\t\t<div class=\"elementor-element elementor-element-78496f1 elementor-widget elementor-widget-wd_text_block\" data-id=\"78496f1\" data-element_type=\"widget\" data-widget_type=\"wd_text_block.default\">\n\t\t\t\t<div class=\"elementor-widget-container\">\n\t\t\t\t\t<div class=\"wd-text-block reset-last-child text-left\">\n\t\t\t\n\t\t\t<p><span style=\"font-weight: 400;\">El acn\u00e9 es un problema de la piel muy com\u00fan que puede afectar a personas de todas las edades. Aunque es m\u00e1s frecuente en la adolescencia, tambi\u00e9n puede aparecer en adultos. El acn\u00e9 se caracteriza por la aparici\u00f3n de espinillas, puntos negros y granos en la piel, que pueden ser dolorosos y dejar cicatrices.<\/span><\/p><p><span style=\"font-weight: 400;\">Para prevenir el acn\u00e9 o reducir sus s\u00edntomas, es importante tener una buena higiene facial y seguir unos cuidados adecuados para la piel. Aqu\u00ed te presento algunos consejos que te pueden ayudar:<\/span><\/p><p><span style=\"font-weight: 400;\">\u25c9 Utiliza un limpiador suave y un t\u00f3nico para eliminar el exceso de grasa y suciedad de la piel.<\/span><\/p><p><span style=\"font-weight: 400;\">\u25c9 Aplica una crema hidratante despu\u00e9s de limpiar y tonificar tu piel, ya que la piel seca puede agravar el acn\u00e9.<\/span><\/p><p><span style=\"font-weight: 400;\">\u25c9 Usa un protector solar diariamente para proteger tu piel del sol y evitar que se reseque.<\/span><\/p><p><span style=\"font-weight: 400;\">\u25c9 Trata de no tocar tu rostro con frecuencia, ya que tus manos pueden transmitir bacterias y grasa a la piel.<\/span><\/p><p><span style=\"font-weight: 400;\">\u25c9 Evita el uso de maquillaje y productos para el cabello que contengan aceites, ya que estos pueden obstruir los poros y empeorar el acn\u00e9.<\/span><\/p><p><span style=\"font-weight: 400;\">\u25c9 Utiliza productos especializados para el acn\u00e9, como cremas y geles que contengan ingredientes como el per\u00f3xido de benzoilo o el \u00e1cido salic\u00edlico, que pueden ayudar a reducir la inflamaci\u00f3n y a limpiar los poros obstruidos.<\/span><\/p><p><span style=\"font-weight: 400;\">\u25c9 Consulta a un dermat\u00f3logo si tienes un acn\u00e9 severo o si los tratamientos que est\u00e1s utilizando no est\u00e1n funcionando. El dermat\u00f3logo puede recetarte medicamentos m\u00e1s fuertes o tratamientos m\u00e9dicos especializados para controlar el acn\u00e9.<\/span><\/p><p><span style=\"font-weight: 400;\">Siguiendo estos consejos y utilizando los productos adecuados, podr\u00e1s tener una piel m\u00e1s saludable y libre de acn\u00e9. Recuerda que es importante ser constante y tener paciencia, ya que el tratamiento del acn\u00e9 puede tomar tiempo para dar resultados.<\/span><\/p><p><span style=\"font-weight: 400;\">Te recuerdo que en Est\u00e9tica Integral Sandra Bernal contamos con distintos tratamientos para ayudarte a controlar y tratar el acn\u00e9. Nuestras terapias combinan la aplicaci\u00f3n de algunos productos\u00a0 en casa y adem\u00e1s protocolos especializados en nuestra est\u00e9tica, los cuales te ayudar\u00e1n a mejorar significativamente.\u00a0<\/span><\/p><p><span style=\"font-weight: 400;\">\u00a1Agenda ya tu cita y juntos exaltaremos tu autoestima!<\/span><\/p>\n\t\t\t\t\t<\/div>\n\t\t\t\t<\/div>\n\t\t\t\t<\/div>\n\t\t\t\t<div class=\"elementor-element elementor-element-100e675 elementor-widget elementor-widget-elementskit-button\" data-id=\"100e675\" data-element_type=\"widget\" data-widget_type=\"elementskit-button.default\">\n\t\t\t\t<div class=\"elementor-widget-container\">\n\t\t\t<div class=\"ekit-wid-con\" >\t\t<div class=\"ekit-btn-wraper\">\n\t\t\t\t\t\t\t<a href=\"https:\/\/wa.link\/7zpfs7\" target=\"_blank\" class=\"elementskit-btn  whitespace--normal\" >\n\t\t\t\t\t\n\t\t\t\t\t<i aria-hidden=\"true\" class=\"icon icon-calendar-page-empty\"><\/i>\n\t\t\t\t\tAGENDA TU CITA AHORA\t\t\t\t<\/a>\n\t\t\t\t\t\t<\/div>\n        <\/div>\t\t<\/div>\n\t\t\t\t<\/div>\n\t\t\t\t\t<\/div>\n\t\t<\/div>\n\t\t\t\t\t<\/div>\n\t\t<\/section>\n\t\t\t\t<\/div>","protected":false},"excerpt":{"rendered":"<p>El acn\u00e9 es un problema de la piel muy com\u00fan que puede afectar a personas de todas las edades. Aunque<\/p>","protected":false},"author":1,"featured_media":10688,"comment_status":"closed","ping_status":"closed","sticky":false,"template":"","format":"standard","meta":{"_joinchat":[],"footnotes":""},"categories":[103],"tags":[],"class_list":["post-10675","post","type-post","status-publish","format-standard","has-post-thumbnail","hentry","category-blog"],"_links":{"self":[{"href":"https:\/\/sandrabernal.co\/en\/wp-json\/wp\/v2\/posts\/10675","targetHints":{"allow":["GET"]}}],"collection":[{"href":"https:\/\/sandrabernal.co\/en\/wp-json\/wp\/v2\/posts"}],"about":[{"href":"https:\/\/sandrabernal.co\/en\/wp-json\/wp\/v2\/types\/post"}],"author":[{"embeddable":true,"href":"https:\/\/sandrabernal.co\/en\/wp-json\/wp\/v2\/users\/1"}],"replies":[{"embeddable":true,"href":"https:\/\/sandrabernal.co\/en\/wp-json\/wp\/v2\/comments?post=10675"}],"version-history":[{"count":1,"href":"https:\/\/sandrabernal.co\/en\/wp-json\/wp\/v2\/posts\/10675\/revisions"}],"predecessor-version":[{"id":12086,"href":"https:\/\/sandrabernal.co\/en\/wp-json\/wp\/v2\/posts\/10675\/revisions\/12086"}],"wp:featuredmedia":[{"embeddable":true,"href":"https:\/\/sandrabernal.co\/en\/wp-json\/wp\/v2\/media\/10688"}],"wp:attachment":[{"href":"https:\/\/sandrabernal.co\/en\/wp-json\/wp\/v2\/media?parent=10675"}],"wp:term":[{"taxonomy":"category","embeddable":true,"href":"https:\/\/sandrabernal.co\/en\/wp-json\/wp\/v2\/categories?post=10675"},{"taxonomy":"post_tag","embeddable":true,"href":"https:\/\/sandrabernal.co\/en\/wp-json\/wp\/v2\/tags?post=10675"}],"curies":[{"name":"wp","href":"https:\/\/api.w.org\/{rel}","templated":true}]}}